{"id":2532,"date":"2023-07-11T12:23:49","date_gmt":"2023-07-11T10:23:49","guid":{"rendered":"https:\/\/stb-martinez.berlin\/contadora-peruana-inaugura-oficina-como-asesora-fiscal-alemana\/"},"modified":"2023-07-11T12:51:43","modified_gmt":"2023-07-11T10:51:43","slug":"contadora-peruana-inaugura-oficina-como-asesora-fiscal-alemana","status":"publish","type":"post","link":"https:\/\/stb-martinez.berlin\/es\/contadora-peruana-inaugura-oficina-como-asesora-fiscal-alemana\/","title":{"rendered":"Contadora peruana inaugura oficina como asesora fiscal alemana"},"content":{"rendered":"<div class=\"fusion-fullwidth fullwidth-box fusion-builder-row-1 fusion-flex-container has-pattern-background has-mask-background nonhundred-percent-fullwidth non-hundred-percent-height-scrolling\" style=\"--awb-border-radius-top-left:0px;--awb-border-radius-top-right:0px;--awb-border-radius-bottom-right:0px;--awb-border-radius-bottom-left:0px;--awb-flex-wrap:wrap;\" ><div class=\"fusion-builder-row fusion-row fusion-flex-align-items-flex-start fusion-flex-content-wrap\" style=\"max-width:1365px;margin-left: calc(-5% \/ 2 );margin-right: calc(-5% \/ 2 );\"><div class=\"fusion-layout-column fusion_builder_column fusion-builder-column-0 fusion_builder_column_1_3 1_3 fusion-flex-column\" style=\"--awb-padding-left:78px;--awb-bg-size:cover;--awb-width-large:33.333333333333%;--awb-margin-top-large:0px;--awb-spacing-right-large:0%;--awb-margin-bottom-large:20px;--awb-spacing-left-large:7.125%;--awb-width-medium:33.333333333333%;--awb-order-medium:0;--awb-spacing-right-medium:0%;--awb-spacing-left-medium:7.125%;--awb-width-small:100%;--awb-order-small:0;--awb-spacing-right-small:2.375%;--awb-spacing-left-small:2.375%;\"><div class=\"fusion-column-wrapper fusion-column-has-shadow fusion-flex-justify-content-flex-start fusion-content-layout-column\"><div class=\"fusion-image-element \" style=\"--awb-caption-title-font-family:var(--h2_typography-font-family);--awb-caption-title-font-weight:var(--h2_typography-font-weight);--awb-caption-title-font-style:var(--h2_typography-font-style);--awb-caption-title-size:var(--h2_typography-font-size);--awb-caption-title-transform:var(--h2_typography-text-transform);--awb-caption-title-line-height:var(--h2_typography-line-height);--awb-caption-title-letter-spacing:var(--h2_typography-letter-spacing);\"><span class=\" fusion-imageframe imageframe-none imageframe-1 hover-type-none\"><img decoding=\"async\" width=\"832\" height=\"540\" title=\"BotschaftPeru01\" src=\"https:\/\/stb-martinez.berlin\/wp-content\/uploads\/2023\/07\/BotschaftPeru01.jpg\" data-orig-src=\"https:\/\/stb-martinez.berlin\/wp-content\/uploads\/2023\/07\/BotschaftPeru01.jpg\" alt class=\"lazyload img-responsive wp-image-2493\" srcset=\"data:image\/svg+xml,%3Csvg%20xmlns%3D%27http%3A%2F%2Fwww.w3.org%2F2000%2Fsvg%27%20width%3D%27832%27%20height%3D%27540%27%20viewBox%3D%270%200%20832%20540%27%3E%3Crect%20width%3D%27832%27%20height%3D%27540%27%20fill-opacity%3D%220%22%2F%3E%3C%2Fsvg%3E\" data-srcset=\"https:\/\/stb-martinez.berlin\/wp-content\/uploads\/2023\/07\/BotschaftPeru01-200x130.jpg 200w, https:\/\/stb-martinez.berlin\/wp-content\/uploads\/2023\/07\/BotschaftPeru01-400x260.jpg 400w, https:\/\/stb-martinez.berlin\/wp-content\/uploads\/2023\/07\/BotschaftPeru01-600x389.jpg 600w, https:\/\/stb-martinez.berlin\/wp-content\/uploads\/2023\/07\/BotschaftPeru01-800x519.jpg 800w, https:\/\/stb-martinez.berlin\/wp-content\/uploads\/2023\/07\/BotschaftPeru01.jpg 832w\" data-sizes=\"auto\" data-orig-sizes=\"(max-width: 700px) 100vw, 400px\" \/><\/span><\/div><\/div><\/div><div class=\"fusion-layout-column fusion_builder_column fusion-builder-column-1 fusion_builder_column_2_3 2_3 fusion-flex-column fusion-animated\" style=\"--awb-padding-right:137px;--awb-padding-bottom:51px;--awb-padding-left:80px;--awb-padding-top-medium:28.4062px;--awb-padding-right-medium:0px;--awb-padding-bottom-medium:25.4062px;--awb-padding-left-medium:17px;--awb-padding-top-small:11vw;--awb-padding-right-small:8vw;--awb-padding-bottom-small:11vw;--awb-padding-left-small:8vw;--awb-bg-size:cover;--awb-width-large:66.666666666667%;--awb-margin-top-large:0px;--awb-spacing-right-large:3.5625%;--awb-margin-bottom-large:0px;--awb-spacing-left-large:3.5625%;--awb-width-medium:75%;--awb-order-medium:0;--awb-spacing-right-medium:3.1666666666667%;--awb-spacing-left-medium:3.1666666666667%;--awb-width-small:100%;--awb-order-small:0;--awb-spacing-right-small:2.375%;--awb-spacing-left-small:2.375%;\" data-animationType=\"fadeInUp\" data-animationDuration=\"1.0\" data-animationOffset=\"top-into-view\" data-scroll-devices=\"small-visibility,medium-visibility,large-visibility\"><div class=\"fusion-column-wrapper fusion-column-has-shadow fusion-flex-justify-content-flex-start fusion-content-layout-row\"><div class=\"fusion-text fusion-text-1\" style=\"--awb-content-alignment:left;--awb-text-color:var(--awb-color6);\"><p><a href=\"https:\/\/www.gob.pe\/institucion\/embajada-del-peru-en-alemania\/noticias\/780804-contadora-peruana-inaugura-oficina-como-asesora-fiscal-alemana\" target=\"_blank\" rel=\"noopener\">Secci\u00f3n Consular 21 de junio de 2023<\/a> &#8211; 8:00 a. m. El Embajador del Per\u00fa en Alemania, Sr. Augusto Arzubiaga Scheuch, asisti\u00f3 el viernes 16 de junio a la inauguraci\u00f3n de la oficina de la Sra. Janet Mart\u00ednez de Peglow, contadora peruana y ahora asesora fiscal en Alemania. Nuestra connacional comparte despacho con la <a href=\"https:\/\/oehmichen-international.com\" target=\"_blank\" rel=\"noopener\">abogada Dra. Anna Oehmichen<\/a>, quien figura en la foto junto a ella y al Embajador.<\/p>\n<\/div><\/div><\/div><\/div><\/div>\n","protected":false},"excerpt":{"rendered":"","protected":false},"author":2,"featured_media":2493,"comment_status":"closed","ping_status":"closed","sticky":false,"template":"","format":"standard","meta":{"footnotes":""},"categories":[11],"tags":[],"class_list":["post-2532","post","type-post","status-publish","format-standard","has-post-thumbnail","hentry","category-sin-categorizar"],"yoast_head":"<!-- This site is optimized with the Yoast SEO plugin v27.5 - https:\/\/yoast.com\/product\/yoast-seo-wordpress\/ -->\n<title>Contadora peruana inaugura oficina como asesora fiscal alemana - Steuerkanzlei Martinez<\/title>\n<meta name=\"robots\" content=\"index, follow, max-snippet:-1, max-image-preview:large, max-video-preview:-1\" \/>\n<link rel=\"canonical\" href=\"https:\/\/stb-martinez.berlin\/es\/contadora-peruana-inaugura-oficina-como-asesora-fiscal-alemana\/\" \/>\n<meta property=\"og:locale\" content=\"es_ES\" \/>\n<meta property=\"og:type\" content=\"article\" \/>\n<meta property=\"og:title\" content=\"Contadora peruana inaugura oficina como asesora fiscal alemana - Steuerkanzlei Martinez\" \/>\n<meta property=\"og:url\" content=\"https:\/\/stb-martinez.berlin\/es\/contadora-peruana-inaugura-oficina-como-asesora-fiscal-alemana\/\" \/>\n<meta property=\"og:site_name\" content=\"Steuerkanzlei Martinez\" \/>\n<meta property=\"article:published_time\" content=\"2023-07-11T10:23:49+00:00\" \/>\n<meta property=\"article:modified_time\" content=\"2023-07-11T10:51:43+00:00\" \/>\n<meta property=\"og:image\" content=\"https:\/\/stb-martinez.berlin\/wp-content\/uploads\/2023\/07\/BotschaftPeru01.jpg\" \/>\n\t<meta property=\"og:image:width\" content=\"832\" \/>\n\t<meta property=\"og:image:height\" content=\"540\" \/>\n\t<meta property=\"og:image:type\" content=\"image\/jpeg\" \/>\n<meta name=\"author\" content=\"Regina Richter\" \/>\n<meta name=\"twitter:card\" content=\"summary_large_image\" \/>\n<meta name=\"twitter:label1\" content=\"Escrito por\" \/>\n\t<meta name=\"twitter:data1\" content=\"Regina Richter\" \/>\n\t<meta name=\"twitter:label2\" content=\"Tiempo de lectura\" \/>\n\t<meta name=\"twitter:data2\" content=\"5 minutos\" \/>\n<script type=\"application\/ld+json\" class=\"yoast-schema-graph\">{\"@context\":\"https:\\\/\\\/schema.org\",\"@graph\":[{\"@type\":\"Article\",\"@id\":\"https:\\\/\\\/stb-martinez.berlin\\\/es\\\/contadora-peruana-inaugura-oficina-como-asesora-fiscal-alemana\\\/#article\",\"isPartOf\":{\"@id\":\"https:\\\/\\\/stb-martinez.berlin\\\/es\\\/contadora-peruana-inaugura-oficina-como-asesora-fiscal-alemana\\\/\"},\"author\":{\"name\":\"Regina Richter\",\"@id\":\"https:\\\/\\\/stb-martinez.berlin\\\/#\\\/schema\\\/person\\\/e2505fe19ab52a3b63d4f3046481b646\"},\"headline\":\"Contadora peruana inaugura oficina como asesora fiscal alemana\",\"datePublished\":\"2023-07-11T10:23:49+00:00\",\"dateModified\":\"2023-07-11T10:51:43+00:00\",\"mainEntityOfPage\":{\"@id\":\"https:\\\/\\\/stb-martinez.berlin\\\/es\\\/contadora-peruana-inaugura-oficina-como-asesora-fiscal-alemana\\\/\"},\"wordCount\":1084,\"publisher\":{\"@id\":\"https:\\\/\\\/stb-martinez.berlin\\\/#organization\"},\"image\":{\"@id\":\"https:\\\/\\\/stb-martinez.berlin\\\/es\\\/contadora-peruana-inaugura-oficina-como-asesora-fiscal-alemana\\\/#primaryimage\"},\"thumbnailUrl\":\"https:\\\/\\\/stb-martinez.berlin\\\/wp-content\\\/uploads\\\/2023\\\/07\\\/BotschaftPeru01.jpg\",\"articleSection\":[\"Sin categorizar\"],\"inLanguage\":\"es\"},{\"@type\":\"WebPage\",\"@id\":\"https:\\\/\\\/stb-martinez.berlin\\\/es\\\/contadora-peruana-inaugura-oficina-como-asesora-fiscal-alemana\\\/\",\"url\":\"https:\\\/\\\/stb-martinez.berlin\\\/es\\\/contadora-peruana-inaugura-oficina-como-asesora-fiscal-alemana\\\/\",\"name\":\"Contadora peruana inaugura oficina como asesora fiscal alemana - Steuerkanzlei Martinez\",\"isPartOf\":{\"@id\":\"https:\\\/\\\/stb-martinez.berlin\\\/#website\"},\"primaryImageOfPage\":{\"@id\":\"https:\\\/\\\/stb-martinez.berlin\\\/es\\\/contadora-peruana-inaugura-oficina-como-asesora-fiscal-alemana\\\/#primaryimage\"},\"image\":{\"@id\":\"https:\\\/\\\/stb-martinez.berlin\\\/es\\\/contadora-peruana-inaugura-oficina-como-asesora-fiscal-alemana\\\/#primaryimage\"},\"thumbnailUrl\":\"https:\\\/\\\/stb-martinez.berlin\\\/wp-content\\\/uploads\\\/2023\\\/07\\\/BotschaftPeru01.jpg\",\"datePublished\":\"2023-07-11T10:23:49+00:00\",\"dateModified\":\"2023-07-11T10:51:43+00:00\",\"breadcrumb\":{\"@id\":\"https:\\\/\\\/stb-martinez.berlin\\\/es\\\/contadora-peruana-inaugura-oficina-como-asesora-fiscal-alemana\\\/#breadcrumb\"},\"inLanguage\":\"es\",\"potentialAction\":[{\"@type\":\"ReadAction\",\"target\":[\"https:\\\/\\\/stb-martinez.berlin\\\/es\\\/contadora-peruana-inaugura-oficina-como-asesora-fiscal-alemana\\\/\"]}]},{\"@type\":\"ImageObject\",\"inLanguage\":\"es\",\"@id\":\"https:\\\/\\\/stb-martinez.berlin\\\/es\\\/contadora-peruana-inaugura-oficina-como-asesora-fiscal-alemana\\\/#primaryimage\",\"url\":\"https:\\\/\\\/stb-martinez.berlin\\\/wp-content\\\/uploads\\\/2023\\\/07\\\/BotschaftPeru01.jpg\",\"contentUrl\":\"https:\\\/\\\/stb-martinez.berlin\\\/wp-content\\\/uploads\\\/2023\\\/07\\\/BotschaftPeru01.jpg\",\"width\":832,\"height\":540},{\"@type\":\"BreadcrumbList\",\"@id\":\"https:\\\/\\\/stb-martinez.berlin\\\/es\\\/contadora-peruana-inaugura-oficina-como-asesora-fiscal-alemana\\\/#breadcrumb\",\"itemListElement\":[{\"@type\":\"ListItem\",\"position\":1,\"name\":\"Startseite\",\"item\":\"https:\\\/\\\/stb-martinez.berlin\\\/es\\\/consultoria-de-asesoria-fiscal-martinez\\\/\"},{\"@type\":\"ListItem\",\"position\":2,\"name\":\"Contadora peruana inaugura oficina como asesora fiscal alemana\"}]},{\"@type\":\"WebSite\",\"@id\":\"https:\\\/\\\/stb-martinez.berlin\\\/#website\",\"url\":\"https:\\\/\\\/stb-martinez.berlin\\\/\",\"name\":\"Steuerkanzlei Martinez\",\"description\":\"\",\"publisher\":{\"@id\":\"https:\\\/\\\/stb-martinez.berlin\\\/#organization\"},\"potentialAction\":[{\"@type\":\"SearchAction\",\"target\":{\"@type\":\"EntryPoint\",\"urlTemplate\":\"https:\\\/\\\/stb-martinez.berlin\\\/?s={search_term_string}\"},\"query-input\":{\"@type\":\"PropertyValueSpecification\",\"valueRequired\":true,\"valueName\":\"search_term_string\"}}],\"inLanguage\":\"es\"},{\"@type\":\"Organization\",\"@id\":\"https:\\\/\\\/stb-martinez.berlin\\\/#organization\",\"name\":\"Steuerkanzlei Martinez\",\"alternateName\":\"CONSULTOR\u00cdA FISCAL MART\u00cdNEZ EN BERLIN-MITTE\",\"url\":\"https:\\\/\\\/stb-martinez.berlin\\\/\",\"logo\":{\"@type\":\"ImageObject\",\"inLanguage\":\"es\",\"@id\":\"https:\\\/\\\/stb-martinez.berlin\\\/#\\\/schema\\\/logo\\\/image\\\/\",\"url\":\"https:\\\/\\\/stb-martinez.berlin\\\/wp-content\\\/uploads\\\/2023\\\/07\\\/org_martinez.png\",\"contentUrl\":\"https:\\\/\\\/stb-martinez.berlin\\\/wp-content\\\/uploads\\\/2023\\\/07\\\/org_martinez.png\",\"width\":224,\"height\":65,\"caption\":\"Steuerkanzlei Martinez\"},\"image\":{\"@id\":\"https:\\\/\\\/stb-martinez.berlin\\\/#\\\/schema\\\/logo\\\/image\\\/\"}},{\"@type\":\"Person\",\"@id\":\"https:\\\/\\\/stb-martinez.berlin\\\/#\\\/schema\\\/person\\\/e2505fe19ab52a3b63d4f3046481b646\",\"name\":\"Regina Richter\",\"image\":{\"@type\":\"ImageObject\",\"inLanguage\":\"es\",\"@id\":\"https:\\\/\\\/secure.gravatar.com\\\/avatar\\\/9f4008900b915f417617e51fe8a15e775db855796b0753c4317855bd283ed411?s=96&d=mm&r=g\",\"url\":\"https:\\\/\\\/secure.gravatar.com\\\/avatar\\\/9f4008900b915f417617e51fe8a15e775db855796b0753c4317855bd283ed411?s=96&d=mm&r=g\",\"contentUrl\":\"https:\\\/\\\/secure.gravatar.com\\\/avatar\\\/9f4008900b915f417617e51fe8a15e775db855796b0753c4317855bd283ed411?s=96&d=mm&r=g\",\"caption\":\"Regina Richter\"},\"url\":\"https:\\\/\\\/stb-martinez.berlin\\\/es\\\/author\\\/devredge_stb\\\/\"}]}<\/script>\n<!-- \/ Yoast SEO plugin. -->","yoast_head_json":{"title":"Contadora peruana inaugura oficina como asesora fiscal alemana - Steuerkanzlei Martinez","robots":{"index":"index","follow":"follow","max-snippet":"max-snippet:-1","max-image-preview":"max-image-preview:large","max-video-preview":"max-video-preview:-1"},"canonical":"https:\/\/stb-martinez.berlin\/es\/contadora-peruana-inaugura-oficina-como-asesora-fiscal-alemana\/","og_locale":"es_ES","og_type":"article","og_title":"Contadora peruana inaugura oficina como asesora fiscal alemana - Steuerkanzlei Martinez","og_url":"https:\/\/stb-martinez.berlin\/es\/contadora-peruana-inaugura-oficina-como-asesora-fiscal-alemana\/","og_site_name":"Steuerkanzlei Martinez","article_published_time":"2023-07-11T10:23:49+00:00","article_modified_time":"2023-07-11T10:51:43+00:00","og_image":[{"width":832,"height":540,"url":"https:\/\/stb-martinez.berlin\/wp-content\/uploads\/2023\/07\/BotschaftPeru01.jpg","type":"image\/jpeg"}],"author":"Regina Richter","twitter_card":"summary_large_image","twitter_misc":{"Escrito por":"Regina Richter","Tiempo de lectura":"5 minutos"},"schema":{"@context":"https:\/\/schema.org","@graph":[{"@type":"Article","@id":"https:\/\/stb-martinez.berlin\/es\/contadora-peruana-inaugura-oficina-como-asesora-fiscal-alemana\/#article","isPartOf":{"@id":"https:\/\/stb-martinez.berlin\/es\/contadora-peruana-inaugura-oficina-como-asesora-fiscal-alemana\/"},"author":{"name":"Regina Richter","@id":"https:\/\/stb-martinez.berlin\/#\/schema\/person\/e2505fe19ab52a3b63d4f3046481b646"},"headline":"Contadora peruana inaugura oficina como asesora fiscal alemana","datePublished":"2023-07-11T10:23:49+00:00","dateModified":"2023-07-11T10:51:43+00:00","mainEntityOfPage":{"@id":"https:\/\/stb-martinez.berlin\/es\/contadora-peruana-inaugura-oficina-como-asesora-fiscal-alemana\/"},"wordCount":1084,"publisher":{"@id":"https:\/\/stb-martinez.berlin\/#organization"},"image":{"@id":"https:\/\/stb-martinez.berlin\/es\/contadora-peruana-inaugura-oficina-como-asesora-fiscal-alemana\/#primaryimage"},"thumbnailUrl":"https:\/\/stb-martinez.berlin\/wp-content\/uploads\/2023\/07\/BotschaftPeru01.jpg","articleSection":["Sin categorizar"],"inLanguage":"es"},{"@type":"WebPage","@id":"https:\/\/stb-martinez.berlin\/es\/contadora-peruana-inaugura-oficina-como-asesora-fiscal-alemana\/","url":"https:\/\/stb-martinez.berlin\/es\/contadora-peruana-inaugura-oficina-como-asesora-fiscal-alemana\/","name":"Contadora peruana inaugura oficina como asesora fiscal alemana - Steuerkanzlei Martinez","isPartOf":{"@id":"https:\/\/stb-martinez.berlin\/#website"},"primaryImageOfPage":{"@id":"https:\/\/stb-martinez.berlin\/es\/contadora-peruana-inaugura-oficina-como-asesora-fiscal-alemana\/#primaryimage"},"image":{"@id":"https:\/\/stb-martinez.berlin\/es\/contadora-peruana-inaugura-oficina-como-asesora-fiscal-alemana\/#primaryimage"},"thumbnailUrl":"https:\/\/stb-martinez.berlin\/wp-content\/uploads\/2023\/07\/BotschaftPeru01.jpg","datePublished":"2023-07-11T10:23:49+00:00","dateModified":"2023-07-11T10:51:43+00:00","breadcrumb":{"@id":"https:\/\/stb-martinez.berlin\/es\/contadora-peruana-inaugura-oficina-como-asesora-fiscal-alemana\/#breadcrumb"},"inLanguage":"es","potentialAction":[{"@type":"ReadAction","target":["https:\/\/stb-martinez.berlin\/es\/contadora-peruana-inaugura-oficina-como-asesora-fiscal-alemana\/"]}]},{"@type":"ImageObject","inLanguage":"es","@id":"https:\/\/stb-martinez.berlin\/es\/contadora-peruana-inaugura-oficina-como-asesora-fiscal-alemana\/#primaryimage","url":"https:\/\/stb-martinez.berlin\/wp-content\/uploads\/2023\/07\/BotschaftPeru01.jpg","contentUrl":"https:\/\/stb-martinez.berlin\/wp-content\/uploads\/2023\/07\/BotschaftPeru01.jpg","width":832,"height":540},{"@type":"BreadcrumbList","@id":"https:\/\/stb-martinez.berlin\/es\/contadora-peruana-inaugura-oficina-como-asesora-fiscal-alemana\/#breadcrumb","itemListElement":[{"@type":"ListItem","position":1,"name":"Startseite","item":"https:\/\/stb-martinez.berlin\/es\/consultoria-de-asesoria-fiscal-martinez\/"},{"@type":"ListItem","position":2,"name":"Contadora peruana inaugura oficina como asesora fiscal alemana"}]},{"@type":"WebSite","@id":"https:\/\/stb-martinez.berlin\/#website","url":"https:\/\/stb-martinez.berlin\/","name":"Steuerkanzlei Martinez","description":"","publisher":{"@id":"https:\/\/stb-martinez.berlin\/#organization"},"potentialAction":[{"@type":"SearchAction","target":{"@type":"EntryPoint","urlTemplate":"https:\/\/stb-martinez.berlin\/?s={search_term_string}"},"query-input":{"@type":"PropertyValueSpecification","valueRequired":true,"valueName":"search_term_string"}}],"inLanguage":"es"},{"@type":"Organization","@id":"https:\/\/stb-martinez.berlin\/#organization","name":"Steuerkanzlei Martinez","alternateName":"CONSULTOR\u00cdA FISCAL MART\u00cdNEZ EN BERLIN-MITTE","url":"https:\/\/stb-martinez.berlin\/","logo":{"@type":"ImageObject","inLanguage":"es","@id":"https:\/\/stb-martinez.berlin\/#\/schema\/logo\/image\/","url":"https:\/\/stb-martinez.berlin\/wp-content\/uploads\/2023\/07\/org_martinez.png","contentUrl":"https:\/\/stb-martinez.berlin\/wp-content\/uploads\/2023\/07\/org_martinez.png","width":224,"height":65,"caption":"Steuerkanzlei Martinez"},"image":{"@id":"https:\/\/stb-martinez.berlin\/#\/schema\/logo\/image\/"}},{"@type":"Person","@id":"https:\/\/stb-martinez.berlin\/#\/schema\/person\/e2505fe19ab52a3b63d4f3046481b646","name":"Regina Richter","image":{"@type":"ImageObject","inLanguage":"es","@id":"https:\/\/secure.gravatar.com\/avatar\/9f4008900b915f417617e51fe8a15e775db855796b0753c4317855bd283ed411?s=96&d=mm&r=g","url":"https:\/\/secure.gravatar.com\/avatar\/9f4008900b915f417617e51fe8a15e775db855796b0753c4317855bd283ed411?s=96&d=mm&r=g","contentUrl":"https:\/\/secure.gravatar.com\/avatar\/9f4008900b915f417617e51fe8a15e775db855796b0753c4317855bd283ed411?s=96&d=mm&r=g","caption":"Regina Richter"},"url":"https:\/\/stb-martinez.berlin\/es\/author\/devredge_stb\/"}]}},"_links":{"self":[{"href":"https:\/\/stb-martinez.berlin\/es\/wp-json\/wp\/v2\/posts\/2532","targetHints":{"allow":["GET"]}}],"collection":[{"href":"https:\/\/stb-martinez.berlin\/es\/wp-json\/wp\/v2\/posts"}],"about":[{"href":"https:\/\/stb-martinez.berlin\/es\/wp-json\/wp\/v2\/types\/post"}],"author":[{"embeddable":true,"href":"https:\/\/stb-martinez.berlin\/es\/wp-json\/wp\/v2\/users\/2"}],"replies":[{"embeddable":true,"href":"https:\/\/stb-martinez.berlin\/es\/wp-json\/wp\/v2\/comments?post=2532"}],"version-history":[{"count":7,"href":"https:\/\/stb-martinez.berlin\/es\/wp-json\/wp\/v2\/posts\/2532\/revisions"}],"predecessor-version":[{"id":2539,"href":"https:\/\/stb-martinez.berlin\/es\/wp-json\/wp\/v2\/posts\/2532\/revisions\/2539"}],"wp:featuredmedia":[{"embeddable":true,"href":"https:\/\/stb-martinez.berlin\/es\/wp-json\/wp\/v2\/media\/2493"}],"wp:attachment":[{"href":"https:\/\/stb-martinez.berlin\/es\/wp-json\/wp\/v2\/media?parent=2532"}],"wp:term":[{"taxonomy":"category","embeddable":true,"href":"https:\/\/stb-martinez.berlin\/es\/wp-json\/wp\/v2\/categories?post=2532"},{"taxonomy":"post_tag","embeddable":true,"href":"https:\/\/stb-martinez.berlin\/es\/wp-json\/wp\/v2\/tags?post=2532"}],"curies":[{"name":"wp","href":"https:\/\/api.w.org\/{rel}","templated":true}]}}